{"id":914,"date":"2021-01-28T10:00:00","date_gmt":"2021-01-28T13:00:00","guid":{"rendered":"https:\/\/sementesbiomatrix.com.br\/blog\/?p=914"},"modified":"2021-03-04T16:51:24","modified_gmt":"2021-03-04T19:51:24","slug":"graos-ardidos-em-milho","status":"publish","type":"post","link":"https:\/\/sementesbiomatrix.com.br\/blog\/fitossanitario\/manejo-de-doencas\/graos-ardidos-em-milho\/","title":{"rendered":"Gr\u00e3os ardidos em milho: manejo efetivo e sem preju\u00edzos"},"content":{"rendered":"\n<p><strong><em>Gr\u00e3os ardidos em milho:&nbsp;quais s\u00e3o os fungos que causam, as condi\u00e7\u00f5es que favorecem seu aparecimento e como fazer identifica\u00e7\u00e3o e controle efetivo.<\/em><\/strong>&nbsp;<\/p>\n\n\n\n<p>As podrid\u00f5es de espiga no milho s\u00e3o doen\u00e7as muito agressivas que reduzem a qualidade e produtividade do milho, al\u00e9m de produzirem compostos t\u00f3xicos, chamados&nbsp;micotoxinas.&nbsp;&nbsp;<\/p>\n\n\n\n<p>Gr\u00e3os ardidos em milho ainda geram descontos\u00a0no pagamento aos produtores,\u00a0podendo at\u00e9\u00a0n\u00e3o\u00a0ser\u00a0permitida a\u00a0comercializa\u00e7\u00e3o\u00a0da carga\u00a0se for uma incid\u00eancia alta.\u00a0\u00a0<\/p>\n\n\n\n<p>Por isso, realizar um manejo efetivo \u00e9 essencial para obten\u00e7\u00e3o de uma boa rentabilidade de milho, especialmente na safrinha.&nbsp;<\/p>\n\n\n\n<p>Aqui reunimos as principais dicas para isso: desde as condi\u00e7\u00f5es que favorecem as doen\u00e7as, como identific\u00e1-las em campo e as formas de controle. Confira!&nbsp;<\/p>\n\n\n\n<h2 class=\"wp-block-heading\"><strong>Incid\u00eancia de gr\u00e3os ardidos em milho no Brasil<\/strong>&nbsp;<\/h2>\n\n\n\n<p>Os principais fungos causadores das podrid\u00f5es de espiga s\u00e3o&nbsp;Fusarium,&nbsp;Stenocarpella&nbsp;(tamb\u00e9m conhecida como&nbsp;Diplodia), e de menor relev\u00e2ncia no campo tamb\u00e9m temos&nbsp;Aspergillus&nbsp;e&nbsp;Penicillium.&nbsp;<\/p>\n\n\n\n<p>Esses fungos s\u00e3o difundidos em todo territ\u00f3rio nacional, por\u00e9m em cada regi\u00e3o h\u00e1 a preval\u00eancia de determinada doen\u00e7a, dependendo principalmente do clima e caracter\u00edsticas de manejo.&nbsp;&nbsp;<\/p>\n\n\n\n<p>Em climas mais quentes e \u00famidos, como no Mato Grosso,&nbsp;a podrid\u00e3o de&nbsp;Diplodia&nbsp;\u00e9 favorecida. J\u00e1 em temperaturas mais amenas,&nbsp;como no&nbsp;Sul,&nbsp;a doen\u00e7a que prevalece \u00e9 a podrid\u00e3o de&nbsp;Fusarium&nbsp;ou&nbsp;Giberela.&nbsp;&nbsp;<\/p>\n\n\n\n<p>Por fim, as doen\u00e7as como&nbsp;Aspergillus&nbsp;e&nbsp;Penicillium&nbsp;ocorrem principalmente na massa de gr\u00e3os armazenados.&nbsp;<\/p>\n\n\n\n<h3 class=\"wp-block-heading\"><strong>Podrid\u00e3o de espiga por&nbsp;Diplodia<\/strong>&nbsp;<\/h3>\n\n\n\n<p>Dentre as podrid\u00f5es de espiga, uma das mais importantes para a regi\u00e3o tropical \u00e9 a podrid\u00e3o de&nbsp;Diplodia.&nbsp;&nbsp;<\/p>\n\n\n\n<p>Essa doen\u00e7a \u00e9 causada pelo&nbsp;fungo&nbsp;Stenocarpella, o qual&nbsp;sobrevive na palhada do milho e pode infectar desde as pl\u00e2ntulas&nbsp;at\u00e9&nbsp;o colmo e a espiga do milho.&nbsp;&nbsp;<\/p>\n\n\n\n<p>No Brasil ocorrem duas esp\u00e9cies desse fungo:&nbsp;&nbsp;<em>Stenocarpella&nbsp;macrospora&nbsp;<\/em>e&nbsp;<em>Stenocarpella&nbsp;maydis,&nbsp;<\/em>sendo que a&nbsp;esp\u00e9cie&nbsp;<em>S.&nbsp;macrospora<\/em>&nbsp;&nbsp;al\u00e9m de infectar colmo e espiga tamb\u00e9m \u00e9 capaz de causar les\u00f5es nas folhas do milho.&nbsp;&nbsp;<\/p>\n\n\n\n<h3 class=\"wp-block-heading\"><strong>Sintomas da podrid\u00e3o de espiga por Diplodia<\/strong>&nbsp;<\/h3>\n\n\n\n<p>Na espiga, a infec\u00e7\u00e3o come\u00e7a a partir da base, iniciando na parte interna com o mic\u00e9lio branco envolta dos gr\u00e3os&nbsp;e&nbsp;na parte externa \u00e9 poss\u00edvel notar descolora\u00e7\u00e3o das br\u00e1cteas (palha do milho).&nbsp;&nbsp;<\/p>\n\n\n\n<p>Com a evolu\u00e7\u00e3o da doen\u00e7a pode ocorrer a podrid\u00e3o de toda a base da espiga e,&nbsp;em condi\u00e7\u00f5es favor\u00e1veis,&nbsp;pode causar at\u00e9 a sua mumifica\u00e7\u00e3o total (morte da espiga).&nbsp;&nbsp;<\/p>\n\n\n\n<p>Os gr\u00e3os oriundos dessa planta s\u00e3o conhecidos como&nbsp;<strong>gr\u00e3os ardidos&nbsp;<\/strong>porque t\u00eam&nbsp;sua caracter\u00edstica de cor alterada, al\u00e9m de ficarem mais leves. Tamb\u00e9m s\u00e3o comuns picn\u00eddios negros (bolsa de esporos) que podem se formar sobre a palha, as br\u00e1cteas, o sabugo e os gr\u00e3os.&nbsp;<\/p>\n\n\n\n<figure class=\"wp-block-gallery columns-2 is-cropped wp-block-gallery-1 is-layout-flex wp-block-gallery-is-layout-flex\"><ul class=\"blocks-gallery-grid\"><li class=\"blocks-gallery-item\"><figure><img decoding=\"async\" width=\"1024\" height=\"575\" src=\"https:\/\/sementesbiomatrix.com.br\/blog\/wp-content\/uploads\/2021\/01\/diplodia-espiga-1024x575.jpg\" alt=\"\" data-id=\"915\" data-full-url=\"https:\/\/sementesbiomatrix.com.br\/blog\/wp-content\/uploads\/2021\/01\/diplodia-espiga.jpg\" data-link=\"https:\/\/sementesbiomatrix.com.br\/blog\/?attachment_id=915\" class=\"wp-image-915\" srcset=\"https:\/\/sementesbiomatrix.com.br\/blog\/wp-content\/uploads\/2021\/01\/diplodia-espiga-1024x575.jpg 1024w, https:\/\/sementesbiomatrix.com.br\/blog\/wp-content\/uploads\/2021\/01\/diplodia-espiga-300x168.jpg 300w, https:\/\/sementesbiomatrix.com.br\/blog\/wp-content\/uploads\/2021\/01\/diplodia-espiga-768x431.jpg 768w, https:\/\/sementesbiomatrix.com.br\/blog\/wp-content\/uploads\/2021\/01\/diplodia-espiga-1536x862.jpg 1536w, https:\/\/sementesbiomatrix.com.br\/blog\/wp-content\/uploads\/2021\/01\/diplodia-espiga-696x391.jpg 696w, https:\/\/sementesbiomatrix.com.br\/blog\/wp-content\/uploads\/2021\/01\/diplodia-espiga-1068x599.jpg 1068w, https:\/\/sementesbiomatrix.com.br\/blog\/wp-content\/uploads\/2021\/01\/diplodia-espiga-748x420.jpg 748w, https:\/\/sementesbiomatrix.com.br\/blog\/wp-content\/uploads\/2021\/01\/diplodia-espiga.jpg 1632w\" sizes=\"(max-width: 1024px) 100vw, 1024px\" \/><\/figure><\/li><li class=\"blocks-gallery-item\"><figure><img decoding=\"async\" width=\"768\" height=\"1024\" src=\"https:\/\/sementesbiomatrix.com.br\/blog\/wp-content\/uploads\/2021\/01\/diplodia-768x1024.jpg\" alt=\"\" data-id=\"916\" data-full-url=\"https:\/\/sementesbiomatrix.com.br\/blog\/wp-content\/uploads\/2021\/01\/diplodia-scaled.jpg\" data-link=\"https:\/\/sementesbiomatrix.com.br\/blog\/?attachment_id=916\" class=\"wp-image-916\" srcset=\"https:\/\/sementesbiomatrix.com.br\/blog\/wp-content\/uploads\/2021\/01\/diplodia-768x1024.jpg 768w, https:\/\/sementesbiomatrix.com.br\/blog\/wp-content\/uploads\/2021\/01\/diplodia-225x300.jpg 225w, https:\/\/sementesbiomatrix.com.br\/blog\/wp-content\/uploads\/2021\/01\/diplodia-1152x1536.jpg 1152w, https:\/\/sementesbiomatrix.com.br\/blog\/wp-content\/uploads\/2021\/01\/diplodia-scaled.jpg 1536w, https:\/\/sementesbiomatrix.com.br\/blog\/wp-content\/uploads\/2021\/01\/diplodia-696x928.jpg 696w, https:\/\/sementesbiomatrix.com.br\/blog\/wp-content\/uploads\/2021\/01\/diplodia-1068x1424.jpg 1068w, https:\/\/sementesbiomatrix.com.br\/blog\/wp-content\/uploads\/2021\/01\/diplodia-1920x2560.jpg 1920w, https:\/\/sementesbiomatrix.com.br\/blog\/wp-content\/uploads\/2021\/01\/diplodia-315x420.jpg 315w\" sizes=\"(max-width: 768px) 100vw, 768px\" \/><\/figure><\/li><\/ul><figcaption class=\"blocks-gallery-caption\"><strong><em>\u00c0 esquerda&nbsp;evolu\u00e7\u00e3o sintomas de&nbsp;Diplodia; \u00e0 direita&nbsp;espiga&nbsp;mumificada&nbsp;pela doen\u00e7a<\/em><\/strong>&nbsp;<br><em>Fonte: Jeferson Pestana<\/em>&nbsp;<br><\/figcaption><\/figure>\n\n\n\n<h3 class=\"wp-block-heading\"><strong>Condi\u00e7\u00f5es que favorecem a podrid\u00e3o de espiga por Diplodia<\/strong>&nbsp;<\/h3>\n\n\n\n<p>O&nbsp;fungo pode sobreviver em restos de cultura&nbsp;e, por isso,&nbsp;o sistema de plantio direto aliado&nbsp;\u00e0&nbsp;monocultura favorecem a sobreviv\u00eancia do pat\u00f3geno&nbsp;devido ao maior tempo para decomposi\u00e7\u00e3o dos restos culturais da superf\u00edcie do solo.&nbsp;&nbsp;&nbsp;<\/p>\n\n\n\n<p>A palhada infectada pode ainda ser um agente dispersor da doen\u00e7a para as folhas baixeiras do milho, pois atrav\u00e9s dos respingos de \u00e1gua da chuva os esporos de&nbsp;Diplodia&nbsp;s\u00e3o lan\u00e7ados para a superf\u00edcie das folhas, ocorrendo&nbsp;a infec\u00e7\u00e3o.&nbsp;<\/p>\n\n\n\n<p>Essa doen\u00e7a tamb\u00e9m \u00e9 favorecida por danos de insetos na espiga,&nbsp;como&nbsp;os causados por&nbsp;lagartas e percevejos, facilitando&nbsp;a entrada do pat\u00f3geno nos gr\u00e3os.&nbsp;&nbsp;<\/p>\n\n\n\n<p>As chances&nbsp;do&nbsp;aparecimento da doen\u00e7a na lavoura tamb\u00e9m aumentam&nbsp;com estresses&nbsp;devido \u00e0&nbsp;seca excessiva ou longo per\u00edodo de tempo nublado, especialmente&nbsp;no momento do florescimento,&nbsp;e excesso de chuva no final do ciclo.&nbsp;<\/p>\n\n\n\n<h3 class=\"wp-block-heading\"><strong>Manejo de gr\u00e3os ardidos por podrid\u00e3o de espiga de Diplodia<\/strong>&nbsp;<\/h3>\n\n\n\n<p>Essa \u00e9&nbsp;uma doen\u00e7a de dif\u00edcil manejo, visto que o fungo fica alojado no interior da espiga, dificultando o acesso da pulveriza\u00e7\u00e3o de fungicidas.&nbsp;&nbsp;<\/p>\n\n\n\n<p>Contudo,&nbsp;a&nbsp;ado\u00e7\u00e3o de fungicidas vem sendo estudada para essa doen\u00e7a, principalmente com maior volume de calda e aplica\u00e7\u00e3o pr\u00f3xima ao florescimento com misturas de&nbsp;triazol,&nbsp;estrobilurina&nbsp;e&nbsp;benzimidaz\u00f3is.&nbsp;<\/p>\n\n\n\n<h4 class=\"wp-block-heading\"><strong>As principais medidas de controle s\u00e3o:&nbsp;<\/strong>&nbsp;<\/h4>\n\n\n\n<ul class=\"wp-block-list\"><li>Rota\u00e7\u00e3o de culturas,&nbsp;diminuindo&nbsp;o ac\u00famulo de palhada de milho potencialmente infectada;&nbsp;<\/li><li>Manejo racional de fertilidade, preconizando plantas bem nutridas segundo a an\u00e1lise do solo;&nbsp;&nbsp;<\/li><li>Popula\u00e7\u00e3o adequada, visto&nbsp;que&nbsp;cada h\u00edbrido pode possuir popula\u00e7\u00e3o diferente em fun\u00e7\u00e3o da regi\u00e3o e\/ou \u00e9poca de plantio;&nbsp;&nbsp;<\/li><li>Controle de pragas, para evitar o dano nas espigas;&nbsp;&nbsp;<\/li><li>Resist\u00eancia varietal,&nbsp;j\u00e1 que&nbsp;h\u00e1&nbsp;h\u00edbridos, como&nbsp;<strong><a href=\"https:\/\/sementesbiomatrix.com.br\/produtos\/bm-815\">BM815<\/a><\/strong>&nbsp;e&nbsp;<strong><a href=\"https:\/\/sementesbiomatrix.com.br\/produtos\/bm-780\">BM780&nbsp;<\/a><\/strong>com maior&nbsp;resist\u00eancia&nbsp;a essa doen\u00e7a, contudo,&nbsp;\u00e9 importante lembrar que para essa doen\u00e7a n\u00e3o foi observado resist\u00eancia total;&nbsp;<\/li><li>Em casos mais graves,&nbsp;uma alternativa \u00e9 fazer o manejo cultural com a t\u00e9cnica de ara\u00e7\u00e3o para que os restos contaminados sejam enterrados e n\u00e3o fiquem expostos na superf\u00edcie.&nbsp;&nbsp;<\/li><\/ul>\n\n\n\n<h2 class=\"wp-block-heading\"><strong>Fusarium&nbsp;e&nbsp;Giberela<\/strong>&nbsp;<\/h2>\n\n\n\n<p>O&nbsp;g\u00eanero&nbsp;Fusarium&nbsp;compreende mais de 50 esp\u00e9cies. Os mais comuns em milho s\u00e3o&nbsp;<em>F.&nbsp;verticillioides<\/em>,&nbsp;<em>F.&nbsp;proliferatum<\/em>,&nbsp;<em>F.&nbsp;subglutinans<\/em>&nbsp;e&nbsp;<em>Gibberella&nbsp;zeae<\/em>,&nbsp;sendo esta \u00faltima a&nbsp;fase sexuada de&nbsp;<em>F.&nbsp;graminearum<\/em>.&nbsp;No Brasil a esp\u00e9cie mais associada ao milho \u00e9&nbsp;a&nbsp;<em>F.&nbsp;verticillioides<\/em>.&nbsp;<\/p>\n\n\n\n<p>Esses pat\u00f3genos est\u00e3o entre os mais comuns na cultura do milho, sendo capazes de causar doen\u00e7as em sementes, morte de pl\u00e2ntulas, podrid\u00e3o de colmo, podrid\u00e3o de raiz, danos em gr\u00e3os armazenados.&nbsp;<\/p>\n\n\n\n<p>Al\u00e9m desses danos,&nbsp;a principal inj\u00faria&nbsp;\u00e9&nbsp;pela&nbsp;podrid\u00e3o de espigas com consequente produ\u00e7\u00e3o de gr\u00e3os ardidos, que s\u00e3o todos aqueles que possuem pelo menos um quarto de sua superf\u00edcie com altera\u00e7\u00e3o da cor.&nbsp;<\/p>\n\n\n\n<h3 class=\"wp-block-heading\"><strong>Sintomas&nbsp;de&nbsp;Fusarium&nbsp;e&nbsp;Giberela<\/strong>&nbsp;<\/h3>\n\n\n\n<p>Os sintomas&nbsp;se iniciam com o desenvolvimento de uma massa cotonosa branca a rosada,&nbsp;podendo recobrir os gr\u00e3os infectados e a \u00e1rea da palha atingida.&nbsp;&nbsp;<\/p>\n\n\n\n<p>Em alguns gr\u00e3os, pode haver o aparecimento de estrias brancas partindo da parte superior para a base do gr\u00e3o.&nbsp;<\/p>\n\n\n\n<p>Quando a infec\u00e7\u00e3o ocorre a partir da base da espiga, a mesma pode ficar infectada por completo, ressaltando que pode haver infec\u00e7\u00e3o conjunta de&nbsp;Fusarium&nbsp;e&nbsp;Diplodia.&nbsp;&nbsp;<\/p>\n\n\n\n<p>&nbsp;Como&nbsp;Fusarium&nbsp;\u00e9 adaptado&nbsp;\u00e0s&nbsp;condi\u00e7\u00f5es de alta umidade (al\u00e9m de temperatura entre 21 e 30\u00b0C), o desenvolvimento da doen\u00e7a na espiga \u00e9&nbsp;diminuido&nbsp;quando o teor de umidade dos gr\u00e3os fica&nbsp;<strong>abaixo de 18%<\/strong>.&nbsp;<\/p>\n\n\n\n<figure class=\"wp-block-image size-large is-resized\"><img decoding=\"async\" src=\"https:\/\/sementesbiomatrix.com.br\/blog\/wp-content\/uploads\/2021\/01\/20180614_081055-1024x768.jpg\" alt=\"\" class=\"wp-image-917\" width=\"768\" height=\"576\" srcset=\"https:\/\/sementesbiomatrix.com.br\/blog\/wp-content\/uploads\/2021\/01\/20180614_081055-1024x768.jpg 1024w, https:\/\/sementesbiomatrix.com.br\/blog\/wp-content\/uploads\/2021\/01\/20180614_081055-300x225.jpg 300w, https:\/\/sementesbiomatrix.com.br\/blog\/wp-content\/uploads\/2021\/01\/20180614_081055-768x576.jpg 768w, https:\/\/sementesbiomatrix.com.br\/blog\/wp-content\/uploads\/2021\/01\/20180614_081055-1536x1152.jpg 1536w, https:\/\/sementesbiomatrix.com.br\/blog\/wp-content\/uploads\/2021\/01\/20180614_081055-scaled.jpg 2048w, https:\/\/sementesbiomatrix.com.br\/blog\/wp-content\/uploads\/2021\/01\/20180614_081055-696x522.jpg 696w, https:\/\/sementesbiomatrix.com.br\/blog\/wp-content\/uploads\/2021\/01\/20180614_081055-1068x801.jpg 1068w, https:\/\/sementesbiomatrix.com.br\/blog\/wp-content\/uploads\/2021\/01\/20180614_081055-1920x1440.jpg 1920w, https:\/\/sementesbiomatrix.com.br\/blog\/wp-content\/uploads\/2021\/01\/20180614_081055-560x420.jpg 560w, https:\/\/sementesbiomatrix.com.br\/blog\/wp-content\/uploads\/2021\/01\/20180614_081055-80x60.jpg 80w, https:\/\/sementesbiomatrix.com.br\/blog\/wp-content\/uploads\/2021\/01\/20180614_081055-265x198.jpg 265w\" sizes=\"(max-width: 768px) 100vw, 768px\" \/><figcaption><br><strong><em>Estrias brancas partindo da parte superior para a base do gr\u00e3o<\/em><\/strong>&nbsp;<br><em>Fonte: Jeferson Pestana<\/em>&nbsp;<br><\/figcaption><\/figure>\n\n\n\n<figure class=\"wp-block-image size-large is-resized\"><img decoding=\"async\" src=\"https:\/\/sementesbiomatrix.com.br\/blog\/wp-content\/uploads\/2021\/01\/Fusarium-espiga-1024x576.jpg\" alt=\"\" class=\"wp-image-918\" width=\"768\" height=\"432\" srcset=\"https:\/\/sementesbiomatrix.com.br\/blog\/wp-content\/uploads\/2021\/01\/Fusarium-espiga-1024x576.jpg 1024w, https:\/\/sementesbiomatrix.com.br\/blog\/wp-content\/uploads\/2021\/01\/Fusarium-espiga-300x169.jpg 300w, https:\/\/sementesbiomatrix.com.br\/blog\/wp-content\/uploads\/2021\/01\/Fusarium-espiga-768x432.jpg 768w, https:\/\/sementesbiomatrix.com.br\/blog\/wp-content\/uploads\/2021\/01\/Fusarium-espiga-1536x864.jpg 1536w, https:\/\/sementesbiomatrix.com.br\/blog\/wp-content\/uploads\/2021\/01\/Fusarium-espiga-scaled.jpg 2048w, https:\/\/sementesbiomatrix.com.br\/blog\/wp-content\/uploads\/2021\/01\/Fusarium-espiga-696x392.jpg 696w, https:\/\/sementesbiomatrix.com.br\/blog\/wp-content\/uploads\/2021\/01\/Fusarium-espiga-1068x601.jpg 1068w, https:\/\/sementesbiomatrix.com.br\/blog\/wp-content\/uploads\/2021\/01\/Fusarium-espiga-1920x1080.jpg 1920w, https:\/\/sementesbiomatrix.com.br\/blog\/wp-content\/uploads\/2021\/01\/Fusarium-espiga-747x420.jpg 747w\" sizes=\"(max-width: 768px) 100vw, 768px\" \/><figcaption><strong><em>Massa cotonosa branca a rosada em gr\u00e3os infectados<\/em><\/strong>&nbsp;<br>&nbsp;<em>Fonte: Jeferson Pestana<\/em>&nbsp;<br><\/figcaption><\/figure>\n\n\n\n<p>A podrid\u00e3o de espiga por&nbsp;Giberela&nbsp;\u00e9 mais comum em regi\u00f5es de clima ameno de 15 a 20\u00b0C e de alta umidade relativa.&nbsp;&nbsp;<\/p>\n\n\n\n<p>Geralmente, a ocorr\u00eancia de chuvas ap\u00f3s a poliniza\u00e7\u00e3o favorece a ocorr\u00eancia dessa doen\u00e7a, visto que a infec\u00e7\u00e3o pode se iniciar atrav\u00e9s do cabelo do milho.&nbsp;&nbsp;<\/p>\n\n\n\n<p>O sintoma mais comum da podrid\u00e3o por&nbsp;Giberela&nbsp;\u00e9 uma massa cotonosa avermelhada que se inicia na ponta da espiga e pode progredir para sua base.&nbsp;<\/p>\n\n\n\n<figure class=\"wp-block-image size-large is-resized\"><img decoding=\"async\" src=\"https:\/\/sementesbiomatrix.com.br\/blog\/wp-content\/uploads\/2021\/01\/giberella-1-768x1024.jpg\" alt=\"\" class=\"wp-image-919\" width=\"576\" height=\"768\" srcset=\"https:\/\/sementesbiomatrix.com.br\/blog\/wp-content\/uploads\/2021\/01\/giberella-1-768x1024.jpg 768w, https:\/\/sementesbiomatrix.com.br\/blog\/wp-content\/uploads\/2021\/01\/giberella-1-225x300.jpg 225w, https:\/\/sementesbiomatrix.com.br\/blog\/wp-content\/uploads\/2021\/01\/giberella-1-1152x1536.jpg 1152w, https:\/\/sementesbiomatrix.com.br\/blog\/wp-content\/uploads\/2021\/01\/giberella-1-scaled.jpg 1536w, https:\/\/sementesbiomatrix.com.br\/blog\/wp-content\/uploads\/2021\/01\/giberella-1-696x928.jpg 696w, https:\/\/sementesbiomatrix.com.br\/blog\/wp-content\/uploads\/2021\/01\/giberella-1-1068x1424.jpg 1068w, https:\/\/sementesbiomatrix.com.br\/blog\/wp-content\/uploads\/2021\/01\/giberella-1-1920x2560.jpg 1920w, https:\/\/sementesbiomatrix.com.br\/blog\/wp-content\/uploads\/2021\/01\/giberella-1-315x420.jpg 315w\" sizes=\"(max-width: 576px) 100vw, 576px\" \/><figcaption><strong><em>Massa cotonosa avermelhada na ponta da espiga<\/em><\/strong>&nbsp;<br><em>Fonte: Jeferson Pestana<\/em>&nbsp;<br><\/figcaption><\/figure>\n\n\n\n<h3 class=\"wp-block-heading\"><strong>Condi\u00e7\u00f5es que favorecem&nbsp;Fusarium&nbsp;e&nbsp;Giberela<\/strong>&nbsp;<\/h3>\n\n\n\n<p>Os fungos do g\u00eanero&nbsp;Fusarium&nbsp;podem sobreviver e se multiplicar na mat\u00e9ria org\u00e2nica, no solo e restos culturais. Logo o solo e a palhada infestados com o pat\u00f3geno s\u00e3o as principais fontes de contamina\u00e7\u00e3o para as plantas de milho.&nbsp;&nbsp;<\/p>\n\n\n\n<p>Al\u00e9m disso a infec\u00e7\u00e3o dos gr\u00e3os \u00e9 favorecida por danos mec\u00e2nicos ou causados por insetos e rachaduras no gr\u00e3o. Por isso,&nbsp;muitas vezes vemos gr\u00e3os isolados com infec\u00e7\u00e3o de&nbsp;Fusarium&nbsp;pelos&nbsp;danos de&nbsp;algum inseto.&nbsp;<\/p>\n\n\n\n<p>Embora capazes de causar danos em v\u00e1rias partes da planta, muita das vezes o principal preju\u00edzo das podrid\u00f5es de&nbsp;Fusarium&nbsp;e&nbsp;Giberela&nbsp;n\u00e3o \u00e9 com a produtividade, mas sim com&nbsp;a&nbsp;<strong>qualidade dos gr\u00e3os<\/strong>.&nbsp;&nbsp;<\/p>\n\n\n\n<p>Esses pat\u00f3genos s\u00e3o capazes de produzir&nbsp;micotoxinas,&nbsp;que&nbsp;s\u00e3o compostos altamente t\u00f3xicos aos&nbsp;animais e humanos.&nbsp;Para o g\u00eanero&nbsp;Fusarium,&nbsp;as&nbsp;micotoxinas&nbsp;normalmente s\u00e3o conhecidas como&nbsp;fumonisinas.&nbsp;<\/p>\n\n\n\n<p>Este \u00e9 um dos fatores pelo qual as agroind\u00fastrias t\u00eam adotado uma toler\u00e2ncia m\u00e1xima de&nbsp;<strong>6% de gr\u00e3os ardidos<\/strong>&nbsp;em lotes comercias de milho.&nbsp;&nbsp;<\/p>\n\n\n\n<p>Tamb\u00e9m vem sendo observado que a colheita realizada tardiamente pode aumentar a incid\u00eancia de gr\u00e3os ardidos e os n\u00edveis de&nbsp;fumonisinas&nbsp;em&nbsp;gr\u00e3os.&nbsp;<\/p>\n\n\n\n<p>Outra caracter\u00edstica da infec\u00e7\u00e3o de&nbsp;Fusarium&nbsp;em milho \u00e9 que comumente pode ocorrer de forma assintom\u00e1tica nas lavouras, ou seja, o pat\u00f3geno est\u00e1&nbsp;presente,&nbsp;mas n\u00e3o exibe sintomas. Esses resultados ajudam a explicar, os altos n\u00edveis de&nbsp;fumonisinas&nbsp;detectados nos gr\u00e3os mesmo a baixa incid\u00eancia de podrid\u00e3o do gr\u00e3o.&nbsp;<\/p>\n\n\n\n<p>De maneira geral,&nbsp;o manejo para podrid\u00e3o por&nbsp;Fusarium&nbsp;e&nbsp;Giberela&nbsp;\u00e9 o mesmo que para podrid\u00e3o de&nbsp;Diplodia.&nbsp;<\/p>\n\n\n\n<p><strong>Conclus\u00e3o<\/strong>&nbsp;<\/p>\n\n\n\n<p>&nbsp;A incid\u00eancia de gr\u00e3os ardidos \u00e9 um dos principais problemas na produ\u00e7\u00e3o de gr\u00e3os no Brasil, especialmente na safrinha.&nbsp;<\/p>\n\n\n\n<p>Para seu manejo realmente efetivo \u00e9 necess\u00e1rio compreender as condi\u00e7\u00f5es favor\u00e1veis em que as doen\u00e7as podem atacar ainda mais a cultura, al\u00e9m das formas de controle ap\u00f3s a verifica\u00e7\u00e3o do problema em campo.&nbsp;Aqui voc\u00ea&nbsp;p\u00f4de conferir todas essas informa\u00e7\u00f5es&nbsp;para um melhor manejo!&nbsp;&nbsp;<\/p>\n\n\n\n<p><strong>Bibliografia<\/strong>&nbsp;&nbsp;<\/p>\n\n\n\n<p>&nbsp;*Colabora\u00e7\u00e3o de Jeferson Rodrigo Pestana, engenheiro agr\u00f4nomo, mestre em fitopatologia especialista em Prote\u00e7\u00e3o de Plantas&nbsp;<\/p>\n\n\n\n<p>EMBRAPA.&nbsp;\u00c1rvore do conhecimento: doen\u00e7as do milho. Dispon\u00edvel em:&nbsp;<a href=\"https:\/\/www.agencia.cnptia.embrapa.br\/\" target=\"_blank\" rel=\"noreferrer noopener\">https:\/\/www.agencia.cnptia.embrapa.br\/<\/a>.&nbsp;<\/p>\n\n\n\n<p>&nbsp;EMBRAPA. Doen\u00e7as Causadas por Fungos do G\u00eanero&nbsp;Stenocarpella&nbsp;spp. (Diplodia&nbsp;spp.) em Milho.&nbsp;Circular t\u00e9cnica&nbsp;197, ,&nbsp;2013. 15p.&nbsp;<\/p>\n\n\n\n<p>&nbsp;LANZA, L. E.&nbsp;Preval\u00eancia de&nbsp;Fusarium&nbsp;Verticillioides&nbsp;em manejo de gr\u00e3os ardidos e&nbsp;fumonisinas&nbsp;em milho&nbsp;(Tese de Doutorado \u2013 UFV),&nbsp;2013. 77p.&nbsp;<\/p>\n\n\n\n<p><em>Voc\u00ea tem problemas com gr\u00e3os ardidos na sua \u00e1rea? Restou alguma d\u00favida? Deixe seu coment\u00e1rio abaixo!<\/em>&nbsp;<\/p>\n<div style=\"min-height: 30px;display: inline-block;\"><input id=\"914\" style=\"float: left;max-width: 50px;\" src=\"https:\/\/sementesbiomatrix.com.br\/blog\/wp-content\/plugins\/wp-advanced-pdf\/asset\/images\/pdf.png\" alt=\"#TB_inline?height=230&amp;width=400&amp;inlineId=examplePopup1\" title=\"Export pdf to your Email\" class=\"thickbox export-pdf\" type=\"image\" value=\"Export to PDF\" \/><\/div>","protected":false},"excerpt":{"rendered":"<p>Gr\u00e3os ardidos em milho:&nbsp;quais s\u00e3o os fungos que causam, as condi\u00e7\u00f5es que favorecem seu aparecimento e como fazer identifica\u00e7\u00e3o e controle efetivo.&nbsp; As podrid\u00f5es de espiga no milho s\u00e3o doen\u00e7as muito agressivas que reduzem a qualidade e produtividade do milho, al\u00e9m de produzirem compostos t\u00f3xicos, chamados&nbsp;micotoxinas.&nbsp;&nbsp; Gr\u00e3os ardidos em milho ainda geram descontos\u00a0no pagamento aos [&hellip;]<\/p>\n","protected":false},"author":4,"featured_media":922,"comment_status":"open","ping_status":"open","sticky":false,"template":"","format":"standard","meta":{"tdm_status":"","tdm_grid_status":"","footnotes":""},"categories":[19,47],"tags":[],"class_list":{"0":"post-914","1":"post","2":"type-post","3":"status-publish","4":"format-standard","5":"has-post-thumbnail","7":"category-manejo-de-doencas","8":"category-safrinha"},"yoast_head":"<!-- This site is optimized with the Yoast SEO plugin v27.5 - https:\/\/yoast.com\/product\/yoast-seo-wordpress\/ -->\n<title>Gr\u00e3os ardidos em milho: manejo efetivo e sem preju\u00edzos<\/title>\n<meta name=\"description\" content=\"Gr\u00e3os ardidos em milho: quais s\u00e3o os fungos, as condi\u00e7\u00f5es que favorecem seu aparecimento e como fazer identifica\u00e7\u00e3o e controle efetivo\" \/>\n<meta name=\"robots\" content=\"index, follow, max-snippet:-1, max-image-preview:large, max-video-preview:-1\" \/>\n<link rel=\"canonical\" href=\"https:\/\/sementesbiomatrix.com.br\/blog\/fitossanitario\/manejo-de-doencas\/graos-ardidos-em-milho\/\" \/>\n<meta property=\"og:locale\" content=\"pt_BR\" \/>\n<meta property=\"og:type\" content=\"article\" \/>\n<meta property=\"og:title\" content=\"Gr\u00e3os ardidos em milho: manejo efetivo e sem preju\u00edzos\" \/>\n<meta property=\"og:description\" content=\"Gr\u00e3os ardidos em milho: quais s\u00e3o os fungos, as condi\u00e7\u00f5es que favorecem seu aparecimento e como fazer identifica\u00e7\u00e3o e controle efetivo\" \/>\n<meta property=\"og:url\" content=\"https:\/\/sementesbiomatrix.com.br\/blog\/fitossanitario\/manejo-de-doencas\/graos-ardidos-em-milho\/\" \/>\n<meta property=\"og:site_name\" content=\"Biomatrix\" \/>\n<meta property=\"article:published_time\" content=\"2021-01-28T13:00:00+00:00\" \/>\n<meta property=\"article:modified_time\" content=\"2021-03-04T19:51:24+00:00\" \/>\n<meta property=\"og:image\" content=\"https:\/\/sementesbiomatrix.com.br\/blog\/wp-content\/uploads\/2021\/01\/capa-blog-grao-ardidos.jpg\" \/>\n\t<meta property=\"og:image:width\" content=\"1230\" \/>\n\t<meta property=\"og:image:height\" content=\"600\" \/>\n\t<meta property=\"og:image:type\" content=\"image\/jpeg\" \/>\n<meta name=\"author\" content=\"Sementes Biomatrix\" \/>\n<meta name=\"twitter:card\" content=\"summary_large_image\" \/>\n<meta name=\"twitter:label1\" content=\"Escrito por\" \/>\n\t<meta name=\"twitter:data1\" content=\"Sementes Biomatrix\" \/>\n\t<meta name=\"twitter:label2\" content=\"Est. tempo de leitura\" \/>\n\t<meta name=\"twitter:data2\" content=\"7 minutos\" \/>\n<script type=\"application\/ld+json\" class=\"yoast-schema-graph\">{\"@context\":\"https:\\\/\\\/schema.org\",\"@graph\":[{\"@type\":\"Article\",\"@id\":\"https:\\\/\\\/sementesbiomatrix.com.br\\\/blog\\\/fitossanitario\\\/manejo-de-doencas\\\/graos-ardidos-em-milho\\\/#article\",\"isPartOf\":{\"@id\":\"https:\\\/\\\/sementesbiomatrix.com.br\\\/blog\\\/fitossanitario\\\/manejo-de-doencas\\\/graos-ardidos-em-milho\\\/\"},\"author\":{\"name\":\"Sementes Biomatrix\",\"@id\":\"https:\\\/\\\/sementesbiomatrix.com.br\\\/blog\\\/#\\\/schema\\\/person\\\/0de76de52387905d845ee2f3b5930113\"},\"headline\":\"Gr\u00e3os ardidos em milho: manejo efetivo e sem preju\u00edzos\",\"datePublished\":\"2021-01-28T13:00:00+00:00\",\"dateModified\":\"2021-03-04T19:51:24+00:00\",\"mainEntityOfPage\":{\"@id\":\"https:\\\/\\\/sementesbiomatrix.com.br\\\/blog\\\/fitossanitario\\\/manejo-de-doencas\\\/graos-ardidos-em-milho\\\/\"},\"wordCount\":2020,\"commentCount\":0,\"publisher\":{\"@id\":\"https:\\\/\\\/sementesbiomatrix.com.br\\\/blog\\\/#organization\"},\"image\":{\"@id\":\"https:\\\/\\\/sementesbiomatrix.com.br\\\/blog\\\/fitossanitario\\\/manejo-de-doencas\\\/graos-ardidos-em-milho\\\/#primaryimage\"},\"thumbnailUrl\":\"https:\\\/\\\/sementesbiomatrix.com.br\\\/blog\\\/wp-content\\\/uploads\\\/2021\\\/01\\\/capa-blog-grao-ardidos.jpg\",\"articleSection\":[\"Manejo de Doen\u00e7as\",\"Safrinha\"],\"inLanguage\":\"pt-BR\",\"potentialAction\":[{\"@type\":\"CommentAction\",\"name\":\"Comment\",\"target\":[\"https:\\\/\\\/sementesbiomatrix.com.br\\\/blog\\\/fitossanitario\\\/manejo-de-doencas\\\/graos-ardidos-em-milho\\\/#respond\"]}]},{\"@type\":\"WebPage\",\"@id\":\"https:\\\/\\\/sementesbiomatrix.com.br\\\/blog\\\/fitossanitario\\\/manejo-de-doencas\\\/graos-ardidos-em-milho\\\/\",\"url\":\"https:\\\/\\\/sementesbiomatrix.com.br\\\/blog\\\/fitossanitario\\\/manejo-de-doencas\\\/graos-ardidos-em-milho\\\/\",\"name\":\"Gr\u00e3os ardidos em milho: manejo efetivo e sem preju\u00edzos\",\"isPartOf\":{\"@id\":\"https:\\\/\\\/sementesbiomatrix.com.br\\\/blog\\\/#website\"},\"primaryImageOfPage\":{\"@id\":\"https:\\\/\\\/sementesbiomatrix.com.br\\\/blog\\\/fitossanitario\\\/manejo-de-doencas\\\/graos-ardidos-em-milho\\\/#primaryimage\"},\"image\":{\"@id\":\"https:\\\/\\\/sementesbiomatrix.com.br\\\/blog\\\/fitossanitario\\\/manejo-de-doencas\\\/graos-ardidos-em-milho\\\/#primaryimage\"},\"thumbnailUrl\":\"https:\\\/\\\/sementesbiomatrix.com.br\\\/blog\\\/wp-content\\\/uploads\\\/2021\\\/01\\\/capa-blog-grao-ardidos.jpg\",\"datePublished\":\"2021-01-28T13:00:00+00:00\",\"dateModified\":\"2021-03-04T19:51:24+00:00\",\"description\":\"Gr\u00e3os ardidos em milho: quais s\u00e3o os fungos, as condi\u00e7\u00f5es que favorecem seu aparecimento e como fazer identifica\u00e7\u00e3o e controle efetivo\",\"breadcrumb\":{\"@id\":\"https:\\\/\\\/sementesbiomatrix.com.br\\\/blog\\\/fitossanitario\\\/manejo-de-doencas\\\/graos-ardidos-em-milho\\\/#breadcrumb\"},\"inLanguage\":\"pt-BR\",\"potentialAction\":[{\"@type\":\"ReadAction\",\"target\":[\"https:\\\/\\\/sementesbiomatrix.com.br\\\/blog\\\/fitossanitario\\\/manejo-de-doencas\\\/graos-ardidos-em-milho\\\/\"]}]},{\"@type\":\"ImageObject\",\"inLanguage\":\"pt-BR\",\"@id\":\"https:\\\/\\\/sementesbiomatrix.com.br\\\/blog\\\/fitossanitario\\\/manejo-de-doencas\\\/graos-ardidos-em-milho\\\/#primaryimage\",\"url\":\"https:\\\/\\\/sementesbiomatrix.com.br\\\/blog\\\/wp-content\\\/uploads\\\/2021\\\/01\\\/capa-blog-grao-ardidos.jpg\",\"contentUrl\":\"https:\\\/\\\/sementesbiomatrix.com.br\\\/blog\\\/wp-content\\\/uploads\\\/2021\\\/01\\\/capa-blog-grao-ardidos.jpg\",\"width\":1230,\"height\":600,\"caption\":\"gr\u00e3os-ardidos\"},{\"@type\":\"BreadcrumbList\",\"@id\":\"https:\\\/\\\/sementesbiomatrix.com.br\\\/blog\\\/fitossanitario\\\/manejo-de-doencas\\\/graos-ardidos-em-milho\\\/#breadcrumb\",\"itemListElement\":[{\"@type\":\"ListItem\",\"position\":1,\"name\":\"In\u00edcio\",\"item\":\"https:\\\/\\\/sementesbiomatrix.com.br\\\/blog\\\/\"},{\"@type\":\"ListItem\",\"position\":2,\"name\":\"Gr\u00e3os ardidos em milho: manejo efetivo e sem preju\u00edzos\"}]},{\"@type\":\"WebSite\",\"@id\":\"https:\\\/\\\/sementesbiomatrix.com.br\\\/blog\\\/#website\",\"url\":\"https:\\\/\\\/sementesbiomatrix.com.br\\\/blog\\\/\",\"name\":\"Biomatrix\",\"description\":\"Biomatrix\",\"publisher\":{\"@id\":\"https:\\\/\\\/sementesbiomatrix.com.br\\\/blog\\\/#organization\"},\"potentialAction\":[{\"@type\":\"SearchAction\",\"target\":{\"@type\":\"EntryPoint\",\"urlTemplate\":\"https:\\\/\\\/sementesbiomatrix.com.br\\\/blog\\\/?s={search_term_string}\"},\"query-input\":{\"@type\":\"PropertyValueSpecification\",\"valueRequired\":true,\"valueName\":\"search_term_string\"}}],\"inLanguage\":\"pt-BR\"},{\"@type\":\"Organization\",\"@id\":\"https:\\\/\\\/sementesbiomatrix.com.br\\\/blog\\\/#organization\",\"name\":\"Sementes Biomatrix\",\"url\":\"https:\\\/\\\/sementesbiomatrix.com.br\\\/blog\\\/\",\"logo\":{\"@type\":\"ImageObject\",\"inLanguage\":\"pt-BR\",\"@id\":\"https:\\\/\\\/sementesbiomatrix.com.br\\\/blog\\\/#\\\/schema\\\/logo\\\/image\\\/\",\"url\":\"https:\\\/\\\/sementesbiomatrix.com.br\\\/blog\\\/wp-content\\\/uploads\\\/2020\\\/09\\\/logo-4.png\",\"contentUrl\":\"https:\\\/\\\/sementesbiomatrix.com.br\\\/blog\\\/wp-content\\\/uploads\\\/2020\\\/09\\\/logo-4.png\",\"width\":150,\"height\":35,\"caption\":\"Sementes Biomatrix\"},\"image\":{\"@id\":\"https:\\\/\\\/sementesbiomatrix.com.br\\\/blog\\\/#\\\/schema\\\/logo\\\/image\\\/\"}},{\"@type\":\"Person\",\"@id\":\"https:\\\/\\\/sementesbiomatrix.com.br\\\/blog\\\/#\\\/schema\\\/person\\\/0de76de52387905d845ee2f3b5930113\",\"name\":\"Sementes Biomatrix\",\"image\":{\"@type\":\"ImageObject\",\"inLanguage\":\"pt-BR\",\"@id\":\"https:\\\/\\\/sementesbiomatrix.com.br\\\/blog\\\/wp-content\\\/uploads\\\/2020\\\/09\\\/Cor-Biomatrix2-150x150.jpg\",\"url\":\"https:\\\/\\\/sementesbiomatrix.com.br\\\/blog\\\/wp-content\\\/uploads\\\/2020\\\/09\\\/Cor-Biomatrix2-150x150.jpg\",\"contentUrl\":\"https:\\\/\\\/sementesbiomatrix.com.br\\\/blog\\\/wp-content\\\/uploads\\\/2020\\\/09\\\/Cor-Biomatrix2-150x150.jpg\",\"caption\":\"Sementes Biomatrix\"},\"description\":\"Usu\u00e1rio da Biomatrix\",\"url\":\"https:\\\/\\\/sementesbiomatrix.com.br\\\/blog\\\/author\\\/sementes_biomatrix\\\/\"}]}<\/script>\n<!-- \/ Yoast SEO plugin. -->","yoast_head_json":{"title":"Gr\u00e3os ardidos em milho: manejo efetivo e sem preju\u00edzos","description":"Gr\u00e3os ardidos em milho: quais s\u00e3o os fungos, as condi\u00e7\u00f5es que favorecem seu aparecimento e como fazer identifica\u00e7\u00e3o e controle efetivo","robots":{"index":"index","follow":"follow","max-snippet":"max-snippet:-1","max-image-preview":"max-image-preview:large","max-video-preview":"max-video-preview:-1"},"canonical":"https:\/\/sementesbiomatrix.com.br\/blog\/fitossanitario\/manejo-de-doencas\/graos-ardidos-em-milho\/","og_locale":"pt_BR","og_type":"article","og_title":"Gr\u00e3os ardidos em milho: manejo efetivo e sem preju\u00edzos","og_description":"Gr\u00e3os ardidos em milho: quais s\u00e3o os fungos, as condi\u00e7\u00f5es que favorecem seu aparecimento e como fazer identifica\u00e7\u00e3o e controle efetivo","og_url":"https:\/\/sementesbiomatrix.com.br\/blog\/fitossanitario\/manejo-de-doencas\/graos-ardidos-em-milho\/","og_site_name":"Biomatrix","article_published_time":"2021-01-28T13:00:00+00:00","article_modified_time":"2021-03-04T19:51:24+00:00","og_image":[{"width":1230,"height":600,"url":"https:\/\/sementesbiomatrix.com.br\/blog\/wp-content\/uploads\/2021\/01\/capa-blog-grao-ardidos.jpg","type":"image\/jpeg"}],"author":"Sementes Biomatrix","twitter_card":"summary_large_image","twitter_misc":{"Escrito por":"Sementes Biomatrix","Est. tempo de leitura":"7 minutos"},"schema":{"@context":"https:\/\/schema.org","@graph":[{"@type":"Article","@id":"https:\/\/sementesbiomatrix.com.br\/blog\/fitossanitario\/manejo-de-doencas\/graos-ardidos-em-milho\/#article","isPartOf":{"@id":"https:\/\/sementesbiomatrix.com.br\/blog\/fitossanitario\/manejo-de-doencas\/graos-ardidos-em-milho\/"},"author":{"name":"Sementes Biomatrix","@id":"https:\/\/sementesbiomatrix.com.br\/blog\/#\/schema\/person\/0de76de52387905d845ee2f3b5930113"},"headline":"Gr\u00e3os ardidos em milho: manejo efetivo e sem preju\u00edzos","datePublished":"2021-01-28T13:00:00+00:00","dateModified":"2021-03-04T19:51:24+00:00","mainEntityOfPage":{"@id":"https:\/\/sementesbiomatrix.com.br\/blog\/fitossanitario\/manejo-de-doencas\/graos-ardidos-em-milho\/"},"wordCount":2020,"commentCount":0,"publisher":{"@id":"https:\/\/sementesbiomatrix.com.br\/blog\/#organization"},"image":{"@id":"https:\/\/sementesbiomatrix.com.br\/blog\/fitossanitario\/manejo-de-doencas\/graos-ardidos-em-milho\/#primaryimage"},"thumbnailUrl":"https:\/\/sementesbiomatrix.com.br\/blog\/wp-content\/uploads\/2021\/01\/capa-blog-grao-ardidos.jpg","articleSection":["Manejo de Doen\u00e7as","Safrinha"],"inLanguage":"pt-BR","potentialAction":[{"@type":"CommentAction","name":"Comment","target":["https:\/\/sementesbiomatrix.com.br\/blog\/fitossanitario\/manejo-de-doencas\/graos-ardidos-em-milho\/#respond"]}]},{"@type":"WebPage","@id":"https:\/\/sementesbiomatrix.com.br\/blog\/fitossanitario\/manejo-de-doencas\/graos-ardidos-em-milho\/","url":"https:\/\/sementesbiomatrix.com.br\/blog\/fitossanitario\/manejo-de-doencas\/graos-ardidos-em-milho\/","name":"Gr\u00e3os ardidos em milho: manejo efetivo e sem preju\u00edzos","isPartOf":{"@id":"https:\/\/sementesbiomatrix.com.br\/blog\/#website"},"primaryImageOfPage":{"@id":"https:\/\/sementesbiomatrix.com.br\/blog\/fitossanitario\/manejo-de-doencas\/graos-ardidos-em-milho\/#primaryimage"},"image":{"@id":"https:\/\/sementesbiomatrix.com.br\/blog\/fitossanitario\/manejo-de-doencas\/graos-ardidos-em-milho\/#primaryimage"},"thumbnailUrl":"https:\/\/sementesbiomatrix.com.br\/blog\/wp-content\/uploads\/2021\/01\/capa-blog-grao-ardidos.jpg","datePublished":"2021-01-28T13:00:00+00:00","dateModified":"2021-03-04T19:51:24+00:00","description":"Gr\u00e3os ardidos em milho: quais s\u00e3o os fungos, as condi\u00e7\u00f5es que favorecem seu aparecimento e como fazer identifica\u00e7\u00e3o e controle efetivo","breadcrumb":{"@id":"https:\/\/sementesbiomatrix.com.br\/blog\/fitossanitario\/manejo-de-doencas\/graos-ardidos-em-milho\/#breadcrumb"},"inLanguage":"pt-BR","potentialAction":[{"@type":"ReadAction","target":["https:\/\/sementesbiomatrix.com.br\/blog\/fitossanitario\/manejo-de-doencas\/graos-ardidos-em-milho\/"]}]},{"@type":"ImageObject","inLanguage":"pt-BR","@id":"https:\/\/sementesbiomatrix.com.br\/blog\/fitossanitario\/manejo-de-doencas\/graos-ardidos-em-milho\/#primaryimage","url":"https:\/\/sementesbiomatrix.com.br\/blog\/wp-content\/uploads\/2021\/01\/capa-blog-grao-ardidos.jpg","contentUrl":"https:\/\/sementesbiomatrix.com.br\/blog\/wp-content\/uploads\/2021\/01\/capa-blog-grao-ardidos.jpg","width":1230,"height":600,"caption":"gr\u00e3os-ardidos"},{"@type":"BreadcrumbList","@id":"https:\/\/sementesbiomatrix.com.br\/blog\/fitossanitario\/manejo-de-doencas\/graos-ardidos-em-milho\/#breadcrumb","itemListElement":[{"@type":"ListItem","position":1,"name":"In\u00edcio","item":"https:\/\/sementesbiomatrix.com.br\/blog\/"},{"@type":"ListItem","position":2,"name":"Gr\u00e3os ardidos em milho: manejo efetivo e sem preju\u00edzos"}]},{"@type":"WebSite","@id":"https:\/\/sementesbiomatrix.com.br\/blog\/#website","url":"https:\/\/sementesbiomatrix.com.br\/blog\/","name":"Biomatrix","description":"Biomatrix","publisher":{"@id":"https:\/\/sementesbiomatrix.com.br\/blog\/#organization"},"potentialAction":[{"@type":"SearchAction","target":{"@type":"EntryPoint","urlTemplate":"https:\/\/sementesbiomatrix.com.br\/blog\/?s={search_term_string}"},"query-input":{"@type":"PropertyValueSpecification","valueRequired":true,"valueName":"search_term_string"}}],"inLanguage":"pt-BR"},{"@type":"Organization","@id":"https:\/\/sementesbiomatrix.com.br\/blog\/#organization","name":"Sementes Biomatrix","url":"https:\/\/sementesbiomatrix.com.br\/blog\/","logo":{"@type":"ImageObject","inLanguage":"pt-BR","@id":"https:\/\/sementesbiomatrix.com.br\/blog\/#\/schema\/logo\/image\/","url":"https:\/\/sementesbiomatrix.com.br\/blog\/wp-content\/uploads\/2020\/09\/logo-4.png","contentUrl":"https:\/\/sementesbiomatrix.com.br\/blog\/wp-content\/uploads\/2020\/09\/logo-4.png","width":150,"height":35,"caption":"Sementes Biomatrix"},"image":{"@id":"https:\/\/sementesbiomatrix.com.br\/blog\/#\/schema\/logo\/image\/"}},{"@type":"Person","@id":"https:\/\/sementesbiomatrix.com.br\/blog\/#\/schema\/person\/0de76de52387905d845ee2f3b5930113","name":"Sementes Biomatrix","image":{"@type":"ImageObject","inLanguage":"pt-BR","@id":"https:\/\/sementesbiomatrix.com.br\/blog\/wp-content\/uploads\/2020\/09\/Cor-Biomatrix2-150x150.jpg","url":"https:\/\/sementesbiomatrix.com.br\/blog\/wp-content\/uploads\/2020\/09\/Cor-Biomatrix2-150x150.jpg","contentUrl":"https:\/\/sementesbiomatrix.com.br\/blog\/wp-content\/uploads\/2020\/09\/Cor-Biomatrix2-150x150.jpg","caption":"Sementes Biomatrix"},"description":"Usu\u00e1rio da Biomatrix","url":"https:\/\/sementesbiomatrix.com.br\/blog\/author\/sementes_biomatrix\/"}]}},"_links":{"self":[{"href":"https:\/\/sementesbiomatrix.com.br\/blog\/wp-json\/wp\/v2\/posts\/914","targetHints":{"allow":["GET"]}}],"collection":[{"href":"https:\/\/sementesbiomatrix.com.br\/blog\/wp-json\/wp\/v2\/posts"}],"about":[{"href":"https:\/\/sementesbiomatrix.com.br\/blog\/wp-json\/wp\/v2\/types\/post"}],"author":[{"embeddable":true,"href":"https:\/\/sementesbiomatrix.com.br\/blog\/wp-json\/wp\/v2\/users\/4"}],"replies":[{"embeddable":true,"href":"https:\/\/sementesbiomatrix.com.br\/blog\/wp-json\/wp\/v2\/comments?post=914"}],"version-history":[{"count":0,"href":"https:\/\/sementesbiomatrix.com.br\/blog\/wp-json\/wp\/v2\/posts\/914\/revisions"}],"wp:featuredmedia":[{"embeddable":true,"href":"https:\/\/sementesbiomatrix.com.br\/blog\/wp-json\/wp\/v2\/media\/922"}],"wp:attachment":[{"href":"https:\/\/sementesbiomatrix.com.br\/blog\/wp-json\/wp\/v2\/media?parent=914"}],"wp:term":[{"taxonomy":"category","embeddable":true,"href":"https:\/\/sementesbiomatrix.com.br\/blog\/wp-json\/wp\/v2\/categories?post=914"},{"taxonomy":"post_tag","embeddable":true,"href":"https:\/\/sementesbiomatrix.com.br\/blog\/wp-json\/wp\/v2\/tags?post=914"}],"curies":[{"name":"wp","href":"https:\/\/api.w.org\/{rel}","templated":true}]}}